{"id":12562,"date":"2019-12-03T11:15:16","date_gmt":"2019-12-03T09:15:16","guid":{"rendered":"https:\/\/www.jassemajaka.com\/?p=12562"},"modified":"2023-09-29T15:47:25","modified_gmt":"2023-09-29T13:47:25","slug":"liban-unis-dans-la-colere","status":"publish","type":"post","link":"https:\/\/www.jassemajaka.com\/?p=12562","title":{"rendered":"Liban : unis dans la col\u00e8re"},"content":{"rendered":"<h4 dir=\"ltr\" style=\"text-align: left;\">ICI Canada | Marie-Eve B\u00e9dard<\/h4>\n<p dir=\"ltr\" style=\"text-align: left;\">Le Liban avait \u00e9chapp\u00e9 au printemps arabe en 2011, mais depuis un mois et demi, le pays est en pleine r\u00e9volution. Une nouvelle taxe sur les communications a mis le feu aux poudres, une mesure qui a \u00e9t\u00e9 abandonn\u00e9e, puis le premier ministre Saad Hariri a d\u00e9missionn\u00e9, mais des citoyens de tous horizons continuent de descendre dans les rues. Et un des effets de ce mouvement sera peut-\u00eatre le rapprochement entre les communaut\u00e9s, toutes frapp\u00e9es par la pr\u00e9carit\u00e9 \u00e9conomique.<\/p>\n<p><span class=\"embed-youtube\" style=\"text-align:center; display: block;\"><iframe loading=\"lazy\" class=\"youtube-player\" width=\"1170\" height=\"659\" src=\"https:\/\/www.youtube.com\/embed\/kGrYlUcQcEg?version=3&#038;rel=1&#038;showsearch=0&#038;showinfo=1&#038;iv_load_policy=1&#038;fs=1&#038;hl=ar&#038;autohide=2&#038;wmode=transparent\" allowfullscreen=\"true\" style=\"border:0;\" sandbox=\"allow-scripts allow-same-origin allow-popups allow-presentation allow-popups-to-escape-sandbox\"><\/iframe><\/span><\/p>\n","protected":false},"excerpt":{"rendered":"<p>Le Liban avait \u00e9chapp\u00e9 au printemps arabe en 2011, mais depuis un mois et demi, le pays est en pleine r\u00e9volution. Une nouvelle taxe sur les communications a mis le feu aux poudres, une mesure qui a \u00e9t\u00e9 abandonn\u00e9e, puis le premier ministre Saad Hariri a d\u00e9missionn\u00e9, mais des citoyens de tous horizons continuent de descendre dans les rues. Et un des effets de ce mouvement sera peut-\u00eatre le rapprochement entre les communaut\u00e9s, toutes frapp\u00e9es par la pr\u00e9carit\u00e9 \u00e9conomique.<\/p>\n","protected":false},"author":7,"featured_media":12563,"comment_status":"open","ping_status":"open","sticky":false,"template":"","format":"standard","meta":{"jetpack_post_was_ever_published":false,"_jetpack_newsletter_access":"","_jetpack_dont_email_post_to_subs":false,"_jetpack_newsletter_tier_id":0,"_jetpack_memberships_contains_paywalled_content":false,"_jetpack_memberships_contains_paid_content":false,"footnotes":""},"categories":[97,46],"tags":[1172,562,101,100,123],"class_list":["post-12562","post","type-post","status-publish","format-standard","has-post-thumbnail","hentry","category-97","category-46","tag-ici-canada","tag-99-d2","tag-101","tag-100","tag-tvinterviews"],"jetpack_featured_media_url":"https:\/\/www.jassemajaka.com\/wp-content\/uploads\/2019\/12\/ICI3.png","jetpack_sharing_enabled":true,"jetpack_shortlink":"https:\/\/wp.me\/paTyQg-3gC","_links":{"self":[{"href":"https:\/\/www.jassemajaka.com\/index.php?rest_route=\/wp\/v2\/posts\/12562","targetHints":{"allow":["GET"]}}],"collection":[{"href":"https:\/\/www.jassemajaka.com\/index.php?rest_route=\/wp\/v2\/posts"}],"about":[{"href":"https:\/\/www.jassemajaka.com\/index.php?rest_route=\/wp\/v2\/types\/post"}],"author":[{"embeddable":true,"href":"https:\/\/www.jassemajaka.com\/index.php?rest_route=\/wp\/v2\/users\/7"}],"replies":[{"embeddable":true,"href":"https:\/\/www.jassemajaka.com\/index.php?rest_route=%2Fwp%2Fv2%2Fcomments&post=12562"}],"version-history":[{"count":4,"href":"https:\/\/www.jassemajaka.com\/index.php?rest_route=\/wp\/v2\/posts\/12562\/revisions"}],"predecessor-version":[{"id":12567,"href":"https:\/\/www.jassemajaka.com\/index.php?rest_route=\/wp\/v2\/posts\/12562\/revisions\/12567"}],"wp:featuredmedia":[{"embeddable":true,"href":"https:\/\/www.jassemajaka.com\/index.php?rest_route=\/wp\/v2\/media\/12563"}],"wp:attachment":[{"href":"https:\/\/www.jassemajaka.com\/index.php?rest_route=%2Fwp%2Fv2%2Fmedia&parent=12562"}],"wp:term":[{"taxonomy":"category","embeddable":true,"href":"https:\/\/www.jassemajaka.com\/index.php?rest_route=%2Fwp%2Fv2%2Fcategories&post=12562"},{"taxonomy":"post_tag","embeddable":true,"href":"https:\/\/www.jassemajaka.com\/index.php?rest_route=%2Fwp%2Fv2%2Ftags&post=12562"}],"curies":[{"name":"wp","href":"https:\/\/api.w.org\/{rel}","templated":true}]}}